{"id":13,"date":"2026-04-28T02:21:53","date_gmt":"2026-04-28T02:21:53","guid":{"rendered":"https:\/\/propinatiu.ro\/?p=13"},"modified":"2026-04-28T11:46:41","modified_gmt":"2026-04-28T11:46:41","slug":"site-in-reconstructie","status":"publish","type":"post","link":"https:\/\/propinatiu.ro\/site-in-reconstructie\/","title":{"rendered":"Site \u00een reconstruc\u021bie"},"content":{"rendered":"<p>C\u0103ci cople\u015fit de melanholie fanariot\u0103 \u015fi de sentimentele multiple haiduce\u015fti care-i r\u0103v\u0103\u015feau sufletul de t\u00e2lhar ca la o perchezi\u0163ie menegerit\u0103 de speciali\u015fti, Gujghil ar fi dorit s\u0103 se sting\u0103 \u00een mijlocul naturii debordante amazonic, nu \u00eentre pere\u0163ii jupui\u0163i ai blocurilor roase chiar la baza lor de igrasie, de la noi din cartierul pe care-l iubim mai ales acum c\u00e2nd e al nostru \u015fi \u015ftim c\u0103 poate fi ras de pe fa\u0163a p\u0103m\u00e2ntului la urm\u0103torul cutremur.<\/p>\n<p>O, vai vou\u0103, oi\u0163ele mele, c\u0103 v-am f\u0103cut staul \u00een mijlocul naturii \u015fi n-a\u0163i \u015ftiut s\u0103 aprecia\u0163i!\u00a0 Fugit-a\u0163i cu toatele la ora\u015f \u015fi a\u0163i dat de dracu\u2019:\u00a0 acum pa\u015fte\u0163i dac\u0103 v\u0103 d\u0103 m\u00e2na \u015fi burduful asfaltul cr\u0103pat \u015fi iedera de pe terase!\u00a0 Dar va veni Zi\u00adua cea Mare a Chem\u0103rii, c\u00e2nd se vor rostui toate \u00een veac \u015fi toat\u0103 pas\u0103\u00adrea de curte sau de combinat sau r\u0103pitoare va fi luat\u0103 din cuib, din cote\u0163 sau de la congelator \u015fi judecat\u0103 fi-va pe m\u0103sura realiz\u0103rilor \u015fi ne\u00eemplinirilor sale!<\/p>\n<p>Iar\u0103 tu, oame, Gujghile, s\u0103v\u00e2r\u015fe\u015fti cea mai mare gre\u015feal\u0103 c\u0103 regre\u0163i tocmai ce nu trebuie regretat, c\u0103 n-ai f\u0103cut progrese cu fata, care n-ar fi finalizat dec\u00e2t \u00eentr-o risip\u0103 dement\u0103 de energie din cea mai pur\u0103, depriv\u00e2ndu-te senzorial de dureri demne de cea mai pre\u0163ioas\u0103 poezie, \u00een acest Univers iluzoriu ca o n\u0103fram\u0103, care te face s\u0103 ui\u0163i c\u0103, bestie g\u00e2nditoare, ai putea face Facerea \u00eens\u0103\u015fi printr-un \u015fir de transmuta\u0163ii fabuloase ce te-ar dota cu puteri benefice oculte de o intensitate record pentru scara uman\u0103\u2026<\/p>\n<p>Fu\u015ftei cu fu\u015ftei, cobora am\u0103r\u00e2t din cale-afar\u0103 Gujghil \u00een sanctuar, f\u0103r\u0103 de hierodula pe care o pierduse la flor\u0103rie, dar Din\u0163i\u015for, ascetul slab, aflat \u00een con\u00adcentrare, dar Picior-de-Porc, alchimistul sumbru surprins \u00een calcul diferen\u0163ial cu toat\u0103 cutia de viteze, nu numai c\u0103 nu depl\u00e2nser\u0103 nici un pic absen\u0163a prezen\u0163ei feminine, ci mai r\u0103u \u00eenc\u0103, erau at\u00e2ta de deta\u015fa\u0163i spiritual de aceast\u0103 lume infect\u0103 pe care noi o lu\u0103m \u00een prea serios, \u00eenc\u00e2t poetului \u00eensu\u015fi \u00eei fu ru\u015fine s\u0103-\u015fi exprime frustrarea p\u0103timit\u0103 recent. \u201cA venit, b\u0103i t\u00e2mpi\u0163ilor, madam Prepeli\u0163\u0103 cu m\u00e2ncarea?\u201d \u2013 o d\u0103du el pe coarda prozaic\u0103 a aprovizion\u0103rii, gata s\u0103 se bat\u0103 cu careva, c\u0103-l durea \u015fi capul. Dar nici unul din cei doi interoga\u0163i nu catadicsi s\u0103 r\u0103spund\u0103, pentru c\u0103 firea lor era economicoas\u0103 ca energie psihic\u0103 \u015fi r\u0103spunsurile negative \u00eentre ei \u015fi le d\u0103deau regulat prin legea t\u0103cerii.<\/p>\n<p>Gujghil pricepu \u015fi se \u00eentinse l\u00e2ng\u0103 rigol\u0103 s\u0103 asculte susurul l\u0103ptos al apei c\u0103ldu\u0163e, care \u00eentotdeauna \u00eel calma \u015fi chiar \u00eel adormea ca un obsedant c\u00e2ntec de leag\u0103n de pe C\u0103lm\u0103\u0163ui, l\u0103l\u0103it de m\u0103-sa de la Copeica Mare, \u00eenainte de a se face fiar\u0103 din pricina lui mo\u015f Luca, v\u00e2rstnicul be\u0163iv \u015fi curvar, nemuritor tat\u0103 al poetului.<\/p>\n<p>Nu prea \u015ftia nici el, era prea june, care pierdere \u00eel roade mai tare, c\u0103 f\u0103r\u0103 nici o explica\u0163ie, madam Prepeli\u0163\u0103 l-a abandonat inani\u0163iei, c\u0103 poate noi nu vom intra niciodat\u0103-n uie sau c\u0103 visul de-o dup\u0103-amiaz\u0103 cu Agripina \u00eennopt\u00e2nd mereu sub prelata lui s-a dus\u2026 cu taxiul.<\/p>\n<p>P\u00e2n\u0103 s\u0103 se arunce \u00eentr-un somn la fel de profund ca moartea, ceea ce-i s\u0103rise \u00een ochi de cum revenise acas\u0103, r\u0103mase arz\u0103tor pe retin\u0103:\u00a0 c\u0103 Din\u0163i\u015for \u015fi cu Picior-de-Porc \u00eenfulecaser\u0103 p\u00e2n\u0103 \u015fi br\u00e2nza topit\u0103 triunghiular\u0103 pe care ieri, la bel\u015fug, o l\u0103saser\u0103 drept ofrand\u0103 la firidele zeilor Tellur \u015fi Zalmoxe!\u00a0 Nu era de glumit:\u00a0 ascetul \u015fi alchimistul ar fi fost \u00een stare s\u0103 m\u0103n\u00e2nce \u015fi pe zeii \u00een\u015fi\u015fi, iar asupra acestei capacit\u0103\u0163i a omului de a m\u00e2nca orice era urgent de meditat, pentru a putea produce poezie cu adev\u0103rat util\u0103 societ\u0103\u0163ii.<\/p>\n","protected":false},"excerpt":{"rendered":"<p>C\u0103ci cople\u015fit de melanholie fanariot\u0103 \u015fi de sentimentele multiple haiduce\u015fti care-i r\u0103v\u0103\u015feau sufletul de t\u00e2lhar ca la o perchezi\u0163ie menegerit\u0103 de speciali\u015fti, Gujghil ar fi dorit s\u0103 se sting\u0103 \u00een mijlocul naturii debordante amazonic, nu \u00eentre pere\u0163ii jupui\u0163i ai blocurilor roase chiar la baza lor de igrasie, de la noi din cartierul pe care-l iubim [&hellip;]<\/p>\n","protected":false},"author":2,"featured_media":0,"comment_status":"open","ping_status":"open","sticky":false,"template":"","format":"standard","meta":{"footnotes":""},"categories":[5],"tags":[],"class_list":["post-13","post","type-post","status-publish","format-standard","hentry","category-la-un-colt-de-cotitura"],"_links":{"self":[{"href":"https:\/\/propinatiu.ro\/wp-json\/wp\/v2\/posts\/13","targetHints":{"allow":["GET"]}}],"collection":[{"href":"https:\/\/propinatiu.ro\/wp-json\/wp\/v2\/posts"}],"about":[{"href":"https:\/\/propinatiu.ro\/wp-json\/wp\/v2\/types\/post"}],"author":[{"embeddable":true,"href":"https:\/\/propinatiu.ro\/wp-json\/wp\/v2\/users\/2"}],"replies":[{"embeddable":true,"href":"https:\/\/propinatiu.ro\/wp-json\/wp\/v2\/comments?post=13"}],"version-history":[{"count":1,"href":"https:\/\/propinatiu.ro\/wp-json\/wp\/v2\/posts\/13\/revisions"}],"predecessor-version":[{"id":14,"href":"https:\/\/propinatiu.ro\/wp-json\/wp\/v2\/posts\/13\/revisions\/14"}],"wp:attachment":[{"href":"https:\/\/propinatiu.ro\/wp-json\/wp\/v2\/media?parent=13"}],"wp:term":[{"taxonomy":"category","embeddable":true,"href":"https:\/\/propinatiu.ro\/wp-json\/wp\/v2\/categories?post=13"},{"taxonomy":"post_tag","embeddable":true,"href":"https:\/\/propinatiu.ro\/wp-json\/wp\/v2\/tags?post=13"}],"curies":[{"name":"wp","href":"https:\/\/api.w.org\/{rel}","templated":true}]}}